{"id":3708,"date":"2022-05-04T18:00:00","date_gmt":"2022-05-04T16:00:00","guid":{"rendered":"https:\/\/ibtherapeutics.com\/sv\/mfn_news\/infant-bacterial-therapeutics-ab-publ-ibt-delarsrapport-1-januari-31-mars-2022\/"},"modified":"2023-10-02T13:51:38","modified_gmt":"2023-10-02T11:51:38","slug":"infant-bacterial-therapeutics-ab-publ-ibt-delarsrapport-1-januari-31-mars-2022","status":"publish","type":"mfn_news","link":"https:\/\/ibtherapeutics.com\/sv\/pressmeddelanden\/infant-bacterial-therapeutics-ab-publ-ibt-delarsrapport-1-januari-31-mars-2022\/","title":{"rendered":"Infant Bacterial Therapeutics AB (publ), (IBT) del\u00e5rsrapport 1 januari \u2013 31 mars 2022"},"content":{"rendered":"<div>\n<p><strong>VD kommenterar<\/strong><\/p>\n<p>IBT:s vision \u00e4r att bli ett internationellt ledande f\u00f6retag genom utveckling av l\u00e4kemedel inom omr\u00e5dena f\u00f6r tidigt f\u00f6dda barn, gastrointestinala sjukdomar och probiotika.<\/p>\n<p>Vi har nu med framg\u00e5ng drivit utvecklingen av IBP-9414, v\u00e4rldens f\u00f6rsta probiotiska l\u00e4kemedel i Fas III f\u00f6r barn, i snart ett decennium. Startskottet f\u00f6r utvecklingen av probiotiska l\u00e4kemedel var n\u00e4r vi 2014 som f\u00f6rsta f\u00f6retag i v\u00e4rlden erh\u00f6ll Orphan Drug Designation i USA, efter att andra hade f\u00f6rs\u00f6kt men misslyckats. Kort d\u00e4refter blev IBT ocks\u00e5 f\u00f6rst med att till\u00e5tas av FDA att administrera levande bakterier till barn i en klinisk pr\u00f6vning i USA. Att vi dessutom f\u00e5tt tillst\u00e5nd att genomf\u00f6ra studier p\u00e5 barn i ytterligare 10 l\u00e4nder (9 EU + Israel) \u00e4r ett bel\u00e4gg p\u00e5 IBTs unika f\u00f6rm\u00e5ga att utveckla probiotiska l\u00e4kemedel.<\/p>\n<p>V\u00e5rt arbete uppm\u00e4rksammas mer och mer. Till exempel har \u201cThe American Association of Pediatrics\u201d nyligen publicerat att f\u00f6rtidigt f\u00f6dda barn beh\u00f6ver probiotiska l\u00e4kemedel, d\u00e4r just v\u00e5r Fas III-studie n\u00e4mns. Anledning till att IBTs arbete specifikt uppm\u00e4rksammas \u00e4r att probiotika b\u00f6r vara av h\u00f6gsta kvalitet n\u00e4r den administreras till f\u00f6r tidigt f\u00f6dda barn. Idag vet vi att f\u00f6rtidigt f\u00f6dda kan lida skada och till och med d\u00f6 av de f\u00f6roreningar som kan f\u00f6lja med en produkt som inte \u00e4r tillverkad enligt h\u00f6gsta l\u00e4kemedelsstandard. IBTs produktion \u00e4r nagelfaren av FDA och 10 andra l\u00e4ndernas myndigheter . Vi har sedan 2014 investerat f\u00f6r att s\u00e4kerst\u00e4lla att v\u00e5r produktion ger oss en probiotisk produkt som kan bli f\u00f6rst med att godk\u00e4nnas som l\u00e4kemedel.<\/p>\n<p>P\u00e5 senh\u00f6sten 2021 hade vi en god rekrytering i v\u00e5r NEC-studie men under vintern var rekryteringen p\u00e5verkad av omicron. Idag den 4 maj 2022 har vi rekryterat 915 patienter till studien. Det \u00e4r sv\u00e5rt att bed\u00f6ma hur den framtida rekryteringstakten kommer att se ut, men v\u00e5rt fokus p\u00e5 v\u00e5r fas III-studie kvarst\u00e5r samt att vi f\u00f6rv\u00e4ntar oss kunna avsluta rekryteringen under 2023 med befintligt kapital.<\/p>\n<p>Vi har under det f\u00f6rsta kvartalet 2022 b\u00f6rjat f\u00f6rbereda v\u00e5r kommersialiseringsfas av IBP-9414 d\u00e4r vi identifierar och s\u00e4kerst\u00e4ller de resurser och n\u00e4tverk som kr\u00e4vs f\u00f6r att fr\u00e5n dag ett vara f\u00f6rberedda n\u00e4r det g\u00e4ller produkt, marknad och organisation inf\u00f6r v\u00e5r lansering.<\/p>\n<p>Parallellt har vi tagit de f\u00f6rsta stegen mot att expandera IBTs produktportf\u00f6lj som bygger p\u00e5 den unika kompetens IBT skapat. Vi f\u00f6r \u00e4ven diskussioner med flera amerikanska universitet r\u00f6rande r\u00e4ttigheter f\u00f6r ytterligare medicinskt viktiga behandlingar. Jag kan \u00e4ven n\u00e4mna att vi satt ig\u00e5ng v\u00e5rt egna gastroschisis-projekt (IBP-1016) med bland annat ett KOL (Key Opinion Leader)-m\u00f6te under april m\u00e5nad.<\/p>\n<p>Avslutningsvis vill jag passa p\u00e5 att tacka alla medarbetare och experter runt om v\u00e4rlden som med stort engagemang hj\u00e4lper oss komma n\u00e4rmare v\u00e5r vision genom utvecklandet av probiotiska l\u00e4kemedel, speciellt med IBP-9414 som kan komma att spela en mycket stor roll f\u00f6r de f\u00f6r tidigt f\u00f6dda barnen.<\/p>\n<p>Stockholm den 4 maj 2022<\/p>\n<p>Staffan Stro\u0308mberg <br \/>Verksta\u0308llande direkto\u0308r<\/p>\n<p><strong>Finansiell \u00f6versikt f\u00f6r perioden<\/strong><\/p>\n<p><strong>F\u00f6rsta kvartalet (jan-mar) 2022<\/strong>\u00a0\u00a0\u00a0\u00a0\u00a0\u00a0\u00a0\u00a0\u00a0\u00a0\u00a0\u00a0\u00a0\u00a0\u00a0\u00a0<\/p>\n<ul type=\"disc\">\n<li>Nettooms\u00e4ttning 0 tkr (0)<\/li>\n<li>R\u00f6relseresultat -19 063 tkr* (452)<\/li>\n<li>Resultat per aktie f\u00f6re och efter utsp\u00e4dning -1,71 (0,04)\n<\/li>\n<\/ul>\n<p>* I r\u00f6relseresultatet ing\u00e5r valutakurseffekter p\u00e5 valutaplaceringar som avser att s\u00e4kra framtida utfl\u00f6den under det f\u00f6rsta kvartalet uppg\u00e5ende till 6 252 (12 114) tkr.<\/p>\n<p><strong>V\u00e4sentliga h\u00e4ndelser under f\u00f6rsta kvartalet (jan-mar) <\/strong><\/p>\n<ul type=\"disc\">\n<li>Den 10 januari meddelades att patentverket i Australien utf\u00e4rdat ett godk\u00e4nnande f\u00f6r patentet: \u201cA method of activating lactic acid bacteria\u201d.<\/li>\n<li>Den 19 januari meddelades att The Connection Study forts\u00e4tter efter planerad s\u00e4kerhetsanalys av Data Monitoring Committee (DMC) utan att ha n\u00e5gra inv\u00e4ndningar. Samtidigt avslutades en futilitetsanalys. Baserat p\u00e5 rekommendationerna fr\u00e5n DMC och futilitetsresultatet, forts\u00e4tter IBT rekryteringen till studien som planerat.<\/li>\n<\/ul>\n<p><strong>V\u00e4sentliga h\u00e4ndelser efter rapportperioden<\/strong><\/p>\n<ul type=\"disc\">\n<li>Bolagets CFO, Michael Owens, har beslutat att g\u00e5 i pension under \u00e5ret. Rekryteringsprocess har p\u00e5b\u00f6rjats.<\/li>\n<li>Vid \u00e5rsst\u00e4mman 2022-05-04 avgick Robert Molander p\u00e5 egen beg\u00e4ran ur styrelsen. Robert \u00f6verg\u00e5r samtidigt till en operationell roll som Chief Commercial Officer inom ledningsgruppen f\u00f6r bolaget.<\/li>\n<\/ul>\n<p><strong>Utvalda finansiella data i sammandrag<\/strong><\/p>\n<table>\n<tbody>\n<tr>\n<td>\n<p><strong>tkr<\/strong><\/td>\n<td><strong>2022<br \/> Jan-mar<\/strong><\/td>\n<td><strong>2021<br \/> Jan-mar<\/strong><\/td>\n<td><strong>2021<br \/> Jan-dec<\/strong><\/td>\n<\/tr>\n<tr>\n<td>Nettooms\u00e4ttning<\/td>\n<td>&#8211;<\/td>\n<td>&#8211;<\/td>\n<td>&#8211;<\/td>\n<\/tr>\n<tr>\n<td>\u00d6vriga int\u00e4kter<\/td>\n<td>3<\/td>\n<td>64<\/td>\n<td>94<\/td>\n<\/tr>\n<tr>\n<td>R\u00f6relseresultat<\/td>\n<td>-19\u00a0063<\/td>\n<td>452<\/td>\n<td>-44\u00a0578<\/td>\n<\/tr>\n<tr>\n<td>Resultat efter skatt<\/td>\n<td>-19\u00a0201<\/td>\n<td>451<\/td>\n<td>-44\u00a0991<\/td>\n<\/tr>\n<tr>\n<td>Balansomslutning<\/td>\n<td>409\u00a0967<\/td>\n<td>451\u00a0138<\/td>\n<td>408\u00a0478<\/td>\n<\/tr>\n<tr>\n<td>Periodens kassafl\u00f6de<\/td>\n<td>-10\u00a0825<\/td>\n<td>-9\u00a0794<\/td>\n<td>-55\u00a0532<\/td>\n<\/tr>\n<tr>\n<td>Periodens kassafl\u00f6de per aktie (SEK)<\/td>\n<td>-0,96<\/td>\n<td>-0,87<\/td>\n<td>-4,95<\/td>\n<\/tr>\n<tr>\n<td>Likvida medel<\/td>\n<td>382\u00a0179<\/td>\n<td>425\u00a0758<\/td>\n<td>386\u00a0752<\/td>\n<\/tr>\n<tr>\n<td>Resultat per aktie f\u00f6re och efter utsp\u00e4dning (SEK)<\/td>\n<td>-1,71<\/td>\n<td>0,04<\/td>\n<td>-4,01<\/td>\n<\/tr>\n<tr>\n<td>Eget kapital per aktie (SEK)\u00a0<\/td>\n<td>33,50<\/td>\n<td>39,26<\/td>\n<td>35,21<\/td>\n<\/tr>\n<tr>\n<td>Soliditet (%)<\/td>\n<td>92%<\/td>\n<td>98%<\/td>\n<td>97%<\/td>\n<\/tr>\n<\/tbody>\n<\/table>\n<p><strong>Om Infant Bacterial Therapeutics AB<\/strong><\/p>\n<p>Infant Bacterial Therapeutics AB (IBT) \u00e4r ett publikt bolag med s\u00e4te i Stockholm. Bolagets aktier av serie B handlas pa\u030a Nasdaq Stockholm, Small Cap (IBT B).<\/p>\n<p>Infant Bacterial Therapeutics AB (publ.) (IBT) \u00e4r ett l\u00e4kemedelsf\u00f6retag med en produkt i klinisk utvecklingsfas III, vars vision \u00e4r att utveckla l\u00e4kemedel som p\u00e5verkar sp\u00e4dbarns mikrobiom och d\u00e4rigenom kunna f\u00f6rebygga eller behandla s\u00e4llsynta sjukdomar som drabbar sp\u00e4dbarn.<\/p>\n<p>IBT \u00e4r f\u00f6r n\u00e4rvarande inriktat p\u00e5 att utveckla l\u00e4kemedelskandidaten IBP-9414. Ambitionen med IBP-9414 \u00e4r att bli v\u00e4rldens f\u00f6rsta godk\u00e4nda probiotiska l\u00e4kemedel med m\u00e5ls\u00e4ttning att f\u00f6rhindra livshotande sp\u00e4dbarnssjukdomar inklusive NEC och sepsis genom att fr\u00e4mja en sund mag-och tarmutveckling hos f\u00f6r tidigt f\u00f6dda barn. IBP-9414 inneh\u00e5ller <em>Lactobacillus<\/em><em> reuteri<\/em> som aktiv substans, vilket \u00e4r en human bakteriestam som \u00e5terfinns naturligt i br\u00f6stmj\u00f6lk. I portf\u00f6ljen finns \u00e4ven ett ytterligare projekt, IBP-1016, f\u00f6r behandling av gastroschisis, en allvarlig och s\u00e4llsynt sjukdom som drabbar sp\u00e4dbarn. Genom utvecklingen av dessa l\u00e4kemedel har IBT m\u00f6jlighet att tillfredsst\u00e4lla medicinska behov d\u00e4r det idag inte finns n\u00e5gra tillg\u00e4ngliga behandlingar.<\/p>\n<p><strong>F\u00f6r mer information, v\u00e4nligen kontakta<\/strong><\/p>\n<p>Staffan Str\u00f6mberg, VD<br \/>Infant Bacterial Therapeutics AB<br \/>Bryggargatan 10<br \/>111 21 Stockholm<br \/>Telefon: +46 76 219 37 38<br \/>info@ibtherapeutics.com<br \/><a href=\"https:\/\/www.globenewswire.com\/Tracker?data=obyQyJPLU1TLlbbOhMqweXVmqlcn5WINRqOvoX5M_Z75p_ZEM9vj7eYH4MiSVh68pH3I7fxzI6ZrIOEfMlfTPGaRMXnz-rVAfRadu-G2LCA=\" target=\"_blank\" title=\"www.ibtherapeutics.com\" rel=\"nofollow noopener\">www.ibtherapeutics.com<\/a><\/p>\n<p><strong>Offentligg\u00f6rande<\/strong><br \/>Informationen l\u00e4mnades, genom ovanst\u00e5ende kontaktpersoners f\u00f6rsorg, f\u00f6r offentligg\u00f6rande den 4e maj, 2022, klockan 18:00 CET.<\/p>\n<p><\/p>\n<\/p>\n<p>\n        <\/div>\n<div class=\"mfn-footer mfn-attachment\">\n<p><strong>Bifogade filer<\/strong><\/p>\n<hr\/>\n<p><a href=\"https:\/\/ml-eu.globenewswire.com\/Resource\/Download\/3aed6129-07dd-4f7f-b7c0-871c6bf75907\" target=\"_blank\" rel=\"nofollow noopener\">IBTQ12022SWE<\/a><br \/><a href=\"https:\/\/ml-eu.globenewswire.com\/Resource\/Download\/eb90656b-3fab-4e05-9df2-fa38b47fdc6f\" target=\"_blank\" rel=\"nofollow noopener\">PR IBTQ12022 SVE<\/a><\/p>\n<\/div>\n<div class=\"mfn-footer\"><\/div>\n<script>\n                Array.prototype.slice.call(document.querySelectorAll(\".mfn-footer.mfn-attachment\")).forEach(function (el) { el.remove() });\n            <\/script>\n        <div class=\"mfn-attachments-container\"><div class=\"mfn-attachment\"><a class=\"mfn-attachment-link\" href=\"https:\/\/storage.mfn.se\/proxy\/ibtq12022swe.pdf?url=https%3A%2F%2Fml-eu.globenewswire.com%2FResource%2FDownload%2F3aed6129-07dd-4f7f-b7c0-871c6bf75907\"><span class=\"mfn-attachment-icon\"><img alt=\"Infant Bacterial Therapeutics AB (publ), (IBT) del\u00e5rsrapport 1 januari \u2013 31 mars 2022\" src=\"https:\/\/storage.mfn.se\/proxy\/ibtq12022swe.pdf?url=https%3A%2F%2Fml-eu.globenewswire.com%2FResource%2FDownload%2F3aed6129-07dd-4f7f-b7c0-871c6bf75907&type=jpg\"><\/span>IBTQ12022SWE<\/a><\/div><div class=\"mfn-attachment\"><a class=\"mfn-attachment-link\" href=\"https:\/\/storage.mfn.se\/proxy\/pr-ibtq12022-sve.pdf?url=https%3A%2F%2Fml-eu.globenewswire.com%2FResource%2FDownload%2Feb90656b-3fab-4e05-9df2-fa38b47fdc6f\"><span class=\"mfn-attachment-icon\"><img alt=\"Infant Bacterial Therapeutics AB (publ), (IBT) del\u00e5rsrapport 1 januari \u2013 31 mars 2022\" src=\"https:\/\/storage.mfn.se\/proxy\/pr-ibtq12022-sve.pdf?url=https%3A%2F%2Fml-eu.globenewswire.com%2FResource%2FDownload%2Feb90656b-3fab-4e05-9df2-fa38b47fdc6f&type=jpg\"><\/span>PR IBTQ12022 SVE<\/a><\/div><\/div>","protected":false},"excerpt":{"rendered":"<p>VD kommenterar IBT:s vision \u00e4r att bli ett internationellt ledande f\u00f6retag genom utveckling av l\u00e4kemedel inom omr\u00e5dena f\u00f6r tidigt f\u00f6dda barn, gastrointestinala sjukdomar och probiotika. Vi har nu med framg\u00e5ng drivit utvecklingen av IBP-9414, v\u00e4rldens f\u00f6rsta probiotiska l\u00e4kemedel i Fas III f\u00f6r barn, i snart ett decennium. Startskottet f\u00f6r utvecklingen av probiotiska l\u00e4kemedel var n\u00e4r [&hellip;]<\/p>\n","protected":false},"template":"","_links":{"self":[{"href":"https:\/\/ibtherapeutics.com\/sv\/wp-json\/wp\/v2\/mfn_news\/3708"}],"collection":[{"href":"https:\/\/ibtherapeutics.com\/sv\/wp-json\/wp\/v2\/mfn_news"}],"about":[{"href":"https:\/\/ibtherapeutics.com\/sv\/wp-json\/wp\/v2\/types\/mfn_news"}],"wp:attachment":[{"href":"https:\/\/ibtherapeutics.com\/sv\/wp-json\/wp\/v2\/media?parent=3708"}],"curies":[{"name":"wp","href":"https:\/\/api.w.org\/{rel}","templated":true}]}}